{"id":4348,"date":"2025-02-24T10:59:01","date_gmt":"2025-02-24T09:59:01","guid":{"rendered":"https:\/\/www.ortorea.hr\/?p=4348"},"modified":"2025-02-24T11:01:05","modified_gmt":"2025-02-24T10:01:05","slug":"nagradni-natjecaj-proljece-kuca-na-vrata-vrijeme-je-za-pokret","status":"publish","type":"post","link":"https:\/\/www.ortorea.hr\/public\/nagradni-natjecaj-proljece-kuca-na-vrata-vrijeme-je-za-pokret\/","title":{"rendered":"NAGRADNI NATJE\u010cAJ: Prolje\u0107e kuca na vrata \u2013 vrijeme je za pokret!"},"content":{"rendered":"\n<figure class=\"wp-block-image size-large\"><img loading=\"lazy\" decoding=\"async\" width=\"1024\" height=\"1024\" src=\"https:\/\/www.ortorea.hr\/public\/wp-content\/uploads\/2025\/02\/Nagradni-natjecaj-02-02-1024x1024.jpg\" alt=\"\" class=\"wp-image-4354\" srcset=\"https:\/\/www.ortorea.hr\/public\/wp-content\/uploads\/2025\/02\/Nagradni-natjecaj-02-02-1024x1024.jpg 1024w, https:\/\/www.ortorea.hr\/public\/wp-content\/uploads\/2025\/02\/Nagradni-natjecaj-02-02-300x300.jpg 300w, https:\/\/www.ortorea.hr\/public\/wp-content\/uploads\/2025\/02\/Nagradni-natjecaj-02-02-150x150.jpg 150w, https:\/\/www.ortorea.hr\/public\/wp-content\/uploads\/2025\/02\/Nagradni-natjecaj-02-02-768x768.jpg 768w, https:\/\/www.ortorea.hr\/public\/wp-content\/uploads\/2025\/02\/Nagradni-natjecaj-02-02-1536x1536.jpg 1536w, https:\/\/www.ortorea.hr\/public\/wp-content\/uploads\/2025\/02\/Nagradni-natjecaj-02-02-scaled.jpg 2048w\" sizes=\"auto, (max-width: 1024px) 100vw, 1024px\" \/><\/figure>\n\n\n\n<p> NAGRADNI NATJE\u010cAJ: Prolje\u0107e kuca na vrata \u2013 vrijeme je za pokret! <\/p>\n\n\n\n<p>Topliji dani samo \u0161to nisu stigli, a s njima i savr\u0161ena prilika da krenemo s vje\u017ebanjem! <\/p>\n\n\n\n<p> Pripremili smo ne\u0161to posebno za vas i va\u0161eg prijatelja::<br> 2x Sissel Fitness prostirka<br> 2x Sissel U\u017ee za vje\u017ebanje Fit-Tubes<\/p>\n\n\n\n<p>Sve \u0161to trebate napraviti je:<br> 1.Tagirati prijatelja\/prijateljicu s kojim\/om \u0107ete krenuti u akciju<br> 2.Zapratite na\u0161u slu\u017ebenu facebook ili instagram stranicu<br> 3.Lajkati objavu nagradnog natje\u010daja<br>**** U komentaru nam slobodno napi\u0161ite neki smije\u0161ni komentar vezan za vje\u017ebanje, o tebi ili o tvom prijatelju\/prijateljici kojeg \u0107e\u0161 ozna\u010diti<\/p>\n\n\n\n<p>Vrijeme je da krenete u formu uz profesionalnu SISSEL fitness opremu!<br>Sissel je renomirani proizvo\u0111a\u010d vrhunske opreme za fitness, rehabilitaciju i zdrav na\u010din \u017eivota, a njihove proizvode mo\u017eete prona\u0107i u na\u0161em Orto Rea web shopu!<\/p>\n\n\n\n<p>I ne zaboravite zapratiti Orto Rea FB ili INSTAGRAM stranicu i objavu, samo oni koji su lajkali mogu osvojiti ovu odli\u010dnu nagradu.<\/p>\n\n\n\n<p>Nagradni natje\u010daj traje do 09.03.2025. do 23:59h<br>Pobjednicu ili pobjednika \u0107emo izvu\u0107i slu\u010dajnim odabirom, te \u0107emo rezultate objaviti 10.03.2025. na na\u0161oj Facebook, Instagram stranici i web stranici Orto Rea.<br><a href=\"https:\/\/www.ortorea.hr\/public\/wp-content\/uploads\/2025\/02\/PRAVILA-NAGRADNOG-NATJECAJA-Proljece-kuca-na-vrata-\u2013-vrijeme-je-za-pokret.pdf\"><strong>Pravila nagradnog natje\u010daja (kliknite na link i pro\u010ditajte)<\/strong><\/a><\/p>\n\n\n\n<p><\/p>\n\n\n\n<p>\ud83d\udd17 Ne zaboravite podijeliti ovu objavu i \u0161irite fitness motivaciju! <\/p>\n\n\n\n<p>Sretno svima! <\/p>\n\n\n\n<p>NagradniNatje\u010daj #FitProlje\u0107e #TreningZajedno #Sissel #Fitness #Sissel #OrtoRea<\/p>\n","protected":false},"excerpt":{"rendered":"<p>Topliji dani samo \u0161to nisu stigli, a s njima i savr\u0161ena prilika da krenemo s vje\u017ebanjem! <\/p>\n","protected":false},"author":4,"featured_media":4354,"comment_status":"open","ping_status":"open","sticky":false,"template":"","format":"standard","meta":{"_acf_changed":false,"footnotes":""},"categories":[1],"tags":[],"class_list":["post-4348","post","type-post","status-publish","format-standard","has-post-thumbnail","hentry","category-nekategorizirano"],"acf":[],"yoast_head":"<!-- This site is optimized with the Yoast SEO plugin v27.2 - https:\/\/yoast.com\/product\/yoast-seo-wordpress\/ -->\n<title>NAGRADNI NATJE\u010cAJ: Prolje\u0107e kuca na vrata \u2013 vrijeme je za pokret! - Orto Rea<\/title>\n<meta name=\"description\" content=\"Topliji dani samo \u0161to nisu stigli, a s njima i savr\u0161ena prilika da krenemo s vje\u017ebanjem!\" \/>\n<meta name=\"robots\" content=\"index, follow, max-snippet:-1, max-image-preview:large, max-video-preview:-1\" \/>\n<link rel=\"canonical\" href=\"https:\/\/www.ortorea.hr\/public\/nagradni-natjecaj-proljece-kuca-na-vrata-vrijeme-je-za-pokret\/\" \/>\n<meta property=\"og:locale\" content=\"hr_HR\" \/>\n<meta property=\"og:type\" content=\"article\" \/>\n<meta property=\"og:title\" content=\"NAGRADNI NATJE\u010cAJ: Prolje\u0107e kuca na vrata \u2013 vrijeme je za pokret! - Orto Rea\" \/>\n<meta property=\"og:description\" content=\"Topliji dani samo \u0161to nisu stigli, a s njima i savr\u0161ena prilika da krenemo s vje\u017ebanjem!\" \/>\n<meta property=\"og:url\" content=\"https:\/\/www.ortorea.hr\/public\/nagradni-natjecaj-proljece-kuca-na-vrata-vrijeme-je-za-pokret\/\" \/>\n<meta property=\"og:site_name\" content=\"Orto Rea\" \/>\n<meta property=\"article:publisher\" content=\"https:\/\/www.facebook.com\/pages\/category\/Disability-Service\/Orto-Rea-229051924128695\/\" \/>\n<meta property=\"article:published_time\" content=\"2025-02-24T09:59:01+00:00\" \/>\n<meta property=\"article:modified_time\" content=\"2025-02-24T10:01:05+00:00\" \/>\n<meta property=\"og:image\" content=\"https:\/\/www.ortorea.hr\/public\/wp-content\/uploads\/2025\/02\/Nagradni-natjecaj-02-02-scaled.jpg\" \/>\n\t<meta property=\"og:image:width\" content=\"2048\" \/>\n\t<meta property=\"og:image:height\" content=\"2048\" \/>\n\t<meta property=\"og:image:type\" content=\"image\/jpeg\" \/>\n<meta name=\"author\" content=\"ColorBoxAdmin\" \/>\n<meta name=\"twitter:card\" content=\"summary_large_image\" \/>\n<meta name=\"twitter:label1\" content=\"Napisao\/la\" \/>\n\t<meta name=\"twitter:data1\" content=\"ColorBoxAdmin\" \/>\n\t<meta name=\"twitter:label2\" content=\"Procijenjeno vrijeme \u010ditanja\" \/>\n\t<meta name=\"twitter:data2\" content=\"2 minute\" \/>\n<script type=\"application\/ld+json\" class=\"yoast-schema-graph\">{\"@context\":\"https:\/\/schema.org\",\"@graph\":[{\"@type\":\"Article\",\"@id\":\"https:\/\/www.ortorea.hr\/public\/nagradni-natjecaj-proljece-kuca-na-vrata-vrijeme-je-za-pokret\/#article\",\"isPartOf\":{\"@id\":\"https:\/\/www.ortorea.hr\/public\/nagradni-natjecaj-proljece-kuca-na-vrata-vrijeme-je-za-pokret\/\"},\"author\":{\"name\":\"ColorBoxAdmin\",\"@id\":\"https:\/\/www.ortorea.hr\/public\/#\/schema\/person\/54a3ce26385b8cb007bcccfd76276465\"},\"headline\":\"NAGRADNI NATJE\u010cAJ: Prolje\u0107e kuca na vrata \u2013 vrijeme je za pokret!\",\"datePublished\":\"2025-02-24T09:59:01+00:00\",\"dateModified\":\"2025-02-24T10:01:05+00:00\",\"mainEntityOfPage\":{\"@id\":\"https:\/\/www.ortorea.hr\/public\/nagradni-natjecaj-proljece-kuca-na-vrata-vrijeme-je-za-pokret\/\"},\"wordCount\":242,\"commentCount\":0,\"publisher\":{\"@id\":\"https:\/\/www.ortorea.hr\/public\/#organization\"},\"image\":{\"@id\":\"https:\/\/www.ortorea.hr\/public\/nagradni-natjecaj-proljece-kuca-na-vrata-vrijeme-je-za-pokret\/#primaryimage\"},\"thumbnailUrl\":\"https:\/\/www.ortorea.hr\/public\/wp-content\/uploads\/2025\/02\/Nagradni-natjecaj-02-02-scaled.jpg\",\"inLanguage\":\"hr\",\"potentialAction\":[{\"@type\":\"CommentAction\",\"name\":\"Comment\",\"target\":[\"https:\/\/www.ortorea.hr\/public\/nagradni-natjecaj-proljece-kuca-na-vrata-vrijeme-je-za-pokret\/#respond\"]}]},{\"@type\":\"WebPage\",\"@id\":\"https:\/\/www.ortorea.hr\/public\/nagradni-natjecaj-proljece-kuca-na-vrata-vrijeme-je-za-pokret\/\",\"url\":\"https:\/\/www.ortorea.hr\/public\/nagradni-natjecaj-proljece-kuca-na-vrata-vrijeme-je-za-pokret\/\",\"name\":\"NAGRADNI NATJE\u010cAJ: Prolje\u0107e kuca na vrata \u2013 vrijeme je za pokret! - Orto Rea\",\"isPartOf\":{\"@id\":\"https:\/\/www.ortorea.hr\/public\/#website\"},\"primaryImageOfPage\":{\"@id\":\"https:\/\/www.ortorea.hr\/public\/nagradni-natjecaj-proljece-kuca-na-vrata-vrijeme-je-za-pokret\/#primaryimage\"},\"image\":{\"@id\":\"https:\/\/www.ortorea.hr\/public\/nagradni-natjecaj-proljece-kuca-na-vrata-vrijeme-je-za-pokret\/#primaryimage\"},\"thumbnailUrl\":\"https:\/\/www.ortorea.hr\/public\/wp-content\/uploads\/2025\/02\/Nagradni-natjecaj-02-02-scaled.jpg\",\"datePublished\":\"2025-02-24T09:59:01+00:00\",\"dateModified\":\"2025-02-24T10:01:05+00:00\",\"description\":\"Topliji dani samo \u0161to nisu stigli, a s njima i savr\u0161ena prilika da krenemo s vje\u017ebanjem!\",\"breadcrumb\":{\"@id\":\"https:\/\/www.ortorea.hr\/public\/nagradni-natjecaj-proljece-kuca-na-vrata-vrijeme-je-za-pokret\/#breadcrumb\"},\"inLanguage\":\"hr\",\"potentialAction\":[{\"@type\":\"ReadAction\",\"target\":[\"https:\/\/www.ortorea.hr\/public\/nagradni-natjecaj-proljece-kuca-na-vrata-vrijeme-je-za-pokret\/\"]}]},{\"@type\":\"ImageObject\",\"inLanguage\":\"hr\",\"@id\":\"https:\/\/www.ortorea.hr\/public\/nagradni-natjecaj-proljece-kuca-na-vrata-vrijeme-je-za-pokret\/#primaryimage\",\"url\":\"https:\/\/www.ortorea.hr\/public\/wp-content\/uploads\/2025\/02\/Nagradni-natjecaj-02-02-scaled.jpg\",\"contentUrl\":\"https:\/\/www.ortorea.hr\/public\/wp-content\/uploads\/2025\/02\/Nagradni-natjecaj-02-02-scaled.jpg\",\"width\":2048,\"height\":2048},{\"@type\":\"BreadcrumbList\",\"@id\":\"https:\/\/www.ortorea.hr\/public\/nagradni-natjecaj-proljece-kuca-na-vrata-vrijeme-je-za-pokret\/#breadcrumb\",\"itemListElement\":[{\"@type\":\"ListItem\",\"position\":1,\"name\":\"Po\u010detna stranica\",\"item\":\"https:\/\/www.ortorea.hr\/public\/\"},{\"@type\":\"ListItem\",\"position\":2,\"name\":\"NAGRADNI NATJE\u010cAJ: Prolje\u0107e kuca na vrata \u2013 vrijeme je za pokret!\"}]},{\"@type\":\"WebSite\",\"@id\":\"https:\/\/www.ortorea.hr\/public\/#website\",\"url\":\"https:\/\/www.ortorea.hr\/public\/\",\"name\":\"Orto Rea\",\"description\":\"ortopedska i medicinska pomagala\",\"publisher\":{\"@id\":\"https:\/\/www.ortorea.hr\/public\/#organization\"},\"potentialAction\":[{\"@type\":\"SearchAction\",\"target\":{\"@type\":\"EntryPoint\",\"urlTemplate\":\"https:\/\/www.ortorea.hr\/public\/?s={search_term_string}\"},\"query-input\":{\"@type\":\"PropertyValueSpecification\",\"valueRequired\":true,\"valueName\":\"search_term_string\"}}],\"inLanguage\":\"hr\"},{\"@type\":\"Organization\",\"@id\":\"https:\/\/www.ortorea.hr\/public\/#organization\",\"name\":\"Orto Rea\",\"url\":\"https:\/\/www.ortorea.hr\/public\/\",\"logo\":{\"@type\":\"ImageObject\",\"inLanguage\":\"hr\",\"@id\":\"https:\/\/www.ortorea.hr\/public\/#\/schema\/logo\/image\/\",\"url\":\"https:\/\/www.ortorea.hr\/public\/wp-content\/uploads\/2020\/08\/Orto-rea-logo-512x512-1.jpg\",\"contentUrl\":\"https:\/\/www.ortorea.hr\/public\/wp-content\/uploads\/2020\/08\/Orto-rea-logo-512x512-1.jpg\",\"width\":512,\"height\":512,\"caption\":\"Orto Rea\"},\"image\":{\"@id\":\"https:\/\/www.ortorea.hr\/public\/#\/schema\/logo\/image\/\"},\"sameAs\":[\"https:\/\/www.facebook.com\/pages\/category\/Disability-Service\/Orto-Rea-229051924128695\/\",\"https:\/\/www.youtube.com\/channel\/UC6hWAJF9VHxOxHe8Eo90OSQ\"]},{\"@type\":\"Person\",\"@id\":\"https:\/\/www.ortorea.hr\/public\/#\/schema\/person\/54a3ce26385b8cb007bcccfd76276465\",\"name\":\"ColorBoxAdmin\",\"image\":{\"@type\":\"ImageObject\",\"inLanguage\":\"hr\",\"@id\":\"https:\/\/secure.gravatar.com\/avatar\/1b544fa5718d512894b8130d4816eb69af8f23a3642fac2c56a69a24865f0595?s=96&d=mm&r=g\",\"url\":\"https:\/\/secure.gravatar.com\/avatar\/1b544fa5718d512894b8130d4816eb69af8f23a3642fac2c56a69a24865f0595?s=96&d=mm&r=g\",\"contentUrl\":\"https:\/\/secure.gravatar.com\/avatar\/1b544fa5718d512894b8130d4816eb69af8f23a3642fac2c56a69a24865f0595?s=96&d=mm&r=g\",\"caption\":\"ColorBoxAdmin\"}}]}<\/script>\n<!-- \/ Yoast SEO plugin. -->","yoast_head_json":{"title":"NAGRADNI NATJE\u010cAJ: Prolje\u0107e kuca na vrata \u2013 vrijeme je za pokret! - Orto Rea","description":"Topliji dani samo \u0161to nisu stigli, a s njima i savr\u0161ena prilika da krenemo s vje\u017ebanjem!","robots":{"index":"index","follow":"follow","max-snippet":"max-snippet:-1","max-image-preview":"max-image-preview:large","max-video-preview":"max-video-preview:-1"},"canonical":"https:\/\/www.ortorea.hr\/public\/nagradni-natjecaj-proljece-kuca-na-vrata-vrijeme-je-za-pokret\/","og_locale":"hr_HR","og_type":"article","og_title":"NAGRADNI NATJE\u010cAJ: Prolje\u0107e kuca na vrata \u2013 vrijeme je za pokret! - Orto Rea","og_description":"Topliji dani samo \u0161to nisu stigli, a s njima i savr\u0161ena prilika da krenemo s vje\u017ebanjem!","og_url":"https:\/\/www.ortorea.hr\/public\/nagradni-natjecaj-proljece-kuca-na-vrata-vrijeme-je-za-pokret\/","og_site_name":"Orto Rea","article_publisher":"https:\/\/www.facebook.com\/pages\/category\/Disability-Service\/Orto-Rea-229051924128695\/","article_published_time":"2025-02-24T09:59:01+00:00","article_modified_time":"2025-02-24T10:01:05+00:00","og_image":[{"width":2048,"height":2048,"url":"https:\/\/www.ortorea.hr\/public\/wp-content\/uploads\/2025\/02\/Nagradni-natjecaj-02-02-scaled.jpg","type":"image\/jpeg"}],"author":"ColorBoxAdmin","twitter_card":"summary_large_image","twitter_misc":{"Napisao\/la":"ColorBoxAdmin","Procijenjeno vrijeme \u010ditanja":"2 minute"},"schema":{"@context":"https:\/\/schema.org","@graph":[{"@type":"Article","@id":"https:\/\/www.ortorea.hr\/public\/nagradni-natjecaj-proljece-kuca-na-vrata-vrijeme-je-za-pokret\/#article","isPartOf":{"@id":"https:\/\/www.ortorea.hr\/public\/nagradni-natjecaj-proljece-kuca-na-vrata-vrijeme-je-za-pokret\/"},"author":{"name":"ColorBoxAdmin","@id":"https:\/\/www.ortorea.hr\/public\/#\/schema\/person\/54a3ce26385b8cb007bcccfd76276465"},"headline":"NAGRADNI NATJE\u010cAJ: Prolje\u0107e kuca na vrata \u2013 vrijeme je za pokret!","datePublished":"2025-02-24T09:59:01+00:00","dateModified":"2025-02-24T10:01:05+00:00","mainEntityOfPage":{"@id":"https:\/\/www.ortorea.hr\/public\/nagradni-natjecaj-proljece-kuca-na-vrata-vrijeme-je-za-pokret\/"},"wordCount":242,"commentCount":0,"publisher":{"@id":"https:\/\/www.ortorea.hr\/public\/#organization"},"image":{"@id":"https:\/\/www.ortorea.hr\/public\/nagradni-natjecaj-proljece-kuca-na-vrata-vrijeme-je-za-pokret\/#primaryimage"},"thumbnailUrl":"https:\/\/www.ortorea.hr\/public\/wp-content\/uploads\/2025\/02\/Nagradni-natjecaj-02-02-scaled.jpg","inLanguage":"hr","potentialAction":[{"@type":"CommentAction","name":"Comment","target":["https:\/\/www.ortorea.hr\/public\/nagradni-natjecaj-proljece-kuca-na-vrata-vrijeme-je-za-pokret\/#respond"]}]},{"@type":"WebPage","@id":"https:\/\/www.ortorea.hr\/public\/nagradni-natjecaj-proljece-kuca-na-vrata-vrijeme-je-za-pokret\/","url":"https:\/\/www.ortorea.hr\/public\/nagradni-natjecaj-proljece-kuca-na-vrata-vrijeme-je-za-pokret\/","name":"NAGRADNI NATJE\u010cAJ: Prolje\u0107e kuca na vrata \u2013 vrijeme je za pokret! - Orto Rea","isPartOf":{"@id":"https:\/\/www.ortorea.hr\/public\/#website"},"primaryImageOfPage":{"@id":"https:\/\/www.ortorea.hr\/public\/nagradni-natjecaj-proljece-kuca-na-vrata-vrijeme-je-za-pokret\/#primaryimage"},"image":{"@id":"https:\/\/www.ortorea.hr\/public\/nagradni-natjecaj-proljece-kuca-na-vrata-vrijeme-je-za-pokret\/#primaryimage"},"thumbnailUrl":"https:\/\/www.ortorea.hr\/public\/wp-content\/uploads\/2025\/02\/Nagradni-natjecaj-02-02-scaled.jpg","datePublished":"2025-02-24T09:59:01+00:00","dateModified":"2025-02-24T10:01:05+00:00","description":"Topliji dani samo \u0161to nisu stigli, a s njima i savr\u0161ena prilika da krenemo s vje\u017ebanjem!","breadcrumb":{"@id":"https:\/\/www.ortorea.hr\/public\/nagradni-natjecaj-proljece-kuca-na-vrata-vrijeme-je-za-pokret\/#breadcrumb"},"inLanguage":"hr","potentialAction":[{"@type":"ReadAction","target":["https:\/\/www.ortorea.hr\/public\/nagradni-natjecaj-proljece-kuca-na-vrata-vrijeme-je-za-pokret\/"]}]},{"@type":"ImageObject","inLanguage":"hr","@id":"https:\/\/www.ortorea.hr\/public\/nagradni-natjecaj-proljece-kuca-na-vrata-vrijeme-je-za-pokret\/#primaryimage","url":"https:\/\/www.ortorea.hr\/public\/wp-content\/uploads\/2025\/02\/Nagradni-natjecaj-02-02-scaled.jpg","contentUrl":"https:\/\/www.ortorea.hr\/public\/wp-content\/uploads\/2025\/02\/Nagradni-natjecaj-02-02-scaled.jpg","width":2048,"height":2048},{"@type":"BreadcrumbList","@id":"https:\/\/www.ortorea.hr\/public\/nagradni-natjecaj-proljece-kuca-na-vrata-vrijeme-je-za-pokret\/#breadcrumb","itemListElement":[{"@type":"ListItem","position":1,"name":"Po\u010detna stranica","item":"https:\/\/www.ortorea.hr\/public\/"},{"@type":"ListItem","position":2,"name":"NAGRADNI NATJE\u010cAJ: Prolje\u0107e kuca na vrata \u2013 vrijeme je za pokret!"}]},{"@type":"WebSite","@id":"https:\/\/www.ortorea.hr\/public\/#website","url":"https:\/\/www.ortorea.hr\/public\/","name":"Orto Rea","description":"ortopedska i medicinska pomagala","publisher":{"@id":"https:\/\/www.ortorea.hr\/public\/#organization"},"potentialAction":[{"@type":"SearchAction","target":{"@type":"EntryPoint","urlTemplate":"https:\/\/www.ortorea.hr\/public\/?s={search_term_string}"},"query-input":{"@type":"PropertyValueSpecification","valueRequired":true,"valueName":"search_term_string"}}],"inLanguage":"hr"},{"@type":"Organization","@id":"https:\/\/www.ortorea.hr\/public\/#organization","name":"Orto Rea","url":"https:\/\/www.ortorea.hr\/public\/","logo":{"@type":"ImageObject","inLanguage":"hr","@id":"https:\/\/www.ortorea.hr\/public\/#\/schema\/logo\/image\/","url":"https:\/\/www.ortorea.hr\/public\/wp-content\/uploads\/2020\/08\/Orto-rea-logo-512x512-1.jpg","contentUrl":"https:\/\/www.ortorea.hr\/public\/wp-content\/uploads\/2020\/08\/Orto-rea-logo-512x512-1.jpg","width":512,"height":512,"caption":"Orto Rea"},"image":{"@id":"https:\/\/www.ortorea.hr\/public\/#\/schema\/logo\/image\/"},"sameAs":["https:\/\/www.facebook.com\/pages\/category\/Disability-Service\/Orto-Rea-229051924128695\/","https:\/\/www.youtube.com\/channel\/UC6hWAJF9VHxOxHe8Eo90OSQ"]},{"@type":"Person","@id":"https:\/\/www.ortorea.hr\/public\/#\/schema\/person\/54a3ce26385b8cb007bcccfd76276465","name":"ColorBoxAdmin","image":{"@type":"ImageObject","inLanguage":"hr","@id":"https:\/\/secure.gravatar.com\/avatar\/1b544fa5718d512894b8130d4816eb69af8f23a3642fac2c56a69a24865f0595?s=96&d=mm&r=g","url":"https:\/\/secure.gravatar.com\/avatar\/1b544fa5718d512894b8130d4816eb69af8f23a3642fac2c56a69a24865f0595?s=96&d=mm&r=g","contentUrl":"https:\/\/secure.gravatar.com\/avatar\/1b544fa5718d512894b8130d4816eb69af8f23a3642fac2c56a69a24865f0595?s=96&d=mm&r=g","caption":"ColorBoxAdmin"}}]}},"_links":{"self":[{"href":"https:\/\/www.ortorea.hr\/public\/wp-json\/wp\/v2\/posts\/4348","targetHints":{"allow":["GET"]}}],"collection":[{"href":"https:\/\/www.ortorea.hr\/public\/wp-json\/wp\/v2\/posts"}],"about":[{"href":"https:\/\/www.ortorea.hr\/public\/wp-json\/wp\/v2\/types\/post"}],"author":[{"embeddable":true,"href":"https:\/\/www.ortorea.hr\/public\/wp-json\/wp\/v2\/users\/4"}],"replies":[{"embeddable":true,"href":"https:\/\/www.ortorea.hr\/public\/wp-json\/wp\/v2\/comments?post=4348"}],"version-history":[{"count":2,"href":"https:\/\/www.ortorea.hr\/public\/wp-json\/wp\/v2\/posts\/4348\/revisions"}],"predecessor-version":[{"id":4356,"href":"https:\/\/www.ortorea.hr\/public\/wp-json\/wp\/v2\/posts\/4348\/revisions\/4356"}],"wp:featuredmedia":[{"embeddable":true,"href":"https:\/\/www.ortorea.hr\/public\/wp-json\/wp\/v2\/media\/4354"}],"wp:attachment":[{"href":"https:\/\/www.ortorea.hr\/public\/wp-json\/wp\/v2\/media?parent=4348"}],"wp:term":[{"taxonomy":"category","embeddable":true,"href":"https:\/\/www.ortorea.hr\/public\/wp-json\/wp\/v2\/categories?post=4348"},{"taxonomy":"post_tag","embeddable":true,"href":"https:\/\/www.ortorea.hr\/public\/wp-json\/wp\/v2\/tags?post=4348"}],"curies":[{"name":"wp","href":"https:\/\/api.w.org\/{rel}","templated":true}]}}